[{"@context":"https:\/\/schema.org\/","@type":"Article","@id":"https:\/\/www.skoop.cz\/budeme-mit-na-elektrinu\/#Article","mainEntityOfPage":"https:\/\/www.skoop.cz\/budeme-mit-na-elektrinu\/","headline":"Budeme m\u00edt na elekt\u0159inu?","name":"Budeme m\u00edt na elekt\u0159inu?","description":"Ze v\u0161ech stran se na n\u00e1s val\u00ed skoro sam\u00e9 Jobovy zv\u011bsti. Sly\u0161\u00edme u\u017e skoro jenom to, \u017ee u n\u00e1s bude po\u0159\u00e1d dr\u00e1\u017e a dr\u00e1\u017e. A \u0159\u00edk\u00e1 se to hlavn\u011b o energi\u00edch. M\u00e1 se n\u00e1m zdra\u017eit plyn a elekt\u0159ina. A i kdy\u017e plyn spousta z\u00a0n\u00e1s nem\u00e1 a m\u016f\u017ee to tedy ignorovat,","datePublished":"2021-11-30","dateModified":"2023-08-18","author":{"@type":"Person","@id":"https:\/\/www.skoop.cz\/author\/#Person","name":"","url":"https:\/\/www.skoop.cz\/author\/","identifier":1,"image":{"@type":"ImageObject","@id":"https:\/\/secure.gravatar.com\/avatar\/7ca2d940d0ae3b24fc759c0201b34a0f70fe6611e5abefd5978e89211a09cdfd?s=96&d=mm&r=g","url":"https:\/\/secure.gravatar.com\/avatar\/7ca2d940d0ae3b24fc759c0201b34a0f70fe6611e5abefd5978e89211a09cdfd?s=96&d=mm&r=g","height":96,"width":96}},"publisher":{"@type":"Organization","name":"skoop.cz","logo":{"@type":"ImageObject","@id":"\/logo.png","url":"\/logo.png","width":600,"height":60}},"image":{"@type":"ImageObject","@id":"https:\/\/www.skoop.cz\/wp-content\/uploads\/t%C5%99i%20%C5%BE%C3%A1rovky.jpg","url":"https:\/\/www.skoop.cz\/wp-content\/uploads\/t%C5%99i%20%C5%BE%C3%A1rovky.jpg","height":0,"width":0},"url":"https:\/\/www.skoop.cz\/budeme-mit-na-elektrinu\/","about":["Elektro"],"wordCount":435,"articleBody":"Ze v\u0161ech stran se na n\u00e1s val\u00ed skoro sam\u00e9 Jobovy zv\u011bsti. Sly\u0161\u00edme u\u017e skoro jenom to, \u017ee u n\u00e1s bude po\u0159\u00e1d dr\u00e1\u017e a dr\u00e1\u017e. A \u0159\u00edk\u00e1 se to hlavn\u011b o energi\u00edch. M\u00e1 se n\u00e1m zdra\u017eit plyn a elekt\u0159ina. A i kdy\u017e plyn spousta z\u00a0n\u00e1s nem\u00e1 a m\u016f\u017ee to tedy ignorovat, s\u00a0elektrick\u00fdm proudem je to jin\u00e1. Ten pou\u017e\u00edv\u00e1me v\u0161ichni. A v\u0161ichni ho pot\u0159ebujeme. A tak budeme ur\u010dit\u011b platit v\u00edc. Spousta z\u00a0n\u00e1s si pohor\u0161\u00ed. A i ti, kdo dostanou p\u0159id\u00e1no, mo\u017en\u00e1 utrat\u00ed v\u0161echno, co dostanou nav\u00edc, za to, aby nez\u016fstali bez proudu.M\u00e1me u n\u00e1s v\u0161echno mo\u017en\u00e9, co se poh\u00e1n\u00ed elekt\u0159inou. V\u00fdrobky ze sortimentu elektro pou\u017e\u00edv\u00e1me u\u017e dlouho a \u010d\u00edm d\u00e1l v\u00edc. P\u0159esv\u011bd\u010dili n\u00e1s toti\u017e, \u017ee je to ekologick\u00e9, a proto i skv\u011bl\u00e9. A jak \u010das b\u011b\u017e\u00ed, m\u00e1me toho s elektrick\u00fdm pohonem \u010d\u00edm d\u00e1l t\u00edm v\u00edc. A te\u010f na to budeme dopl\u00e1cet.Doplat\u00ed na to ka\u017ed\u00fd. Asi nejv\u00edc ti, kter\u00fdm zkrachoval jejich dodavatel energie a kte\u0159\u00ed mus\u00ed najednou jinde platit obrovsk\u00e9 z\u00e1lohy a velk\u00e9 pen\u00edze, se kter\u00fdmi se nepo\u010d\u00edtalo. A spousta lid\u00ed se u\u017e i kv\u016fli tomu neobejde bez pomoci od st\u00e1tu. Kter\u00fd ale u\u017e nem\u00e1 pomalu z\u00a0\u010deho pom\u00e1hat, kter\u00fd m\u00e1 taky jenom dluhy.A tak t\u0159eba po Nov\u00e9m roce nebudeme tolik sv\u00edtit, va\u0159it, p\u00e9ct, pr\u00e1t, topit, prost\u011b budeme \u0161et\u0159it i proud. Aby se n\u00e1m poda\u0159ilo v\u00a0nep\u0159\u00edjemn\u00e9 dob\u011b p\u0159e\u017e\u00edt a nezkrachovat.Elektrospot\u0159ebi\u010de tedy mo\u017en\u00e1 p\u016fjdou do sk\u0159\u00edn\u00ed, kdo na to bude m\u00edt, nakoup\u00ed \u00fasporn\u00e1 sv\u00edtidla, a kdo na to m\u00edt nebude, t\u0159eba aspo\u0148 bude zhas\u00ednat a vyp\u00ednat to, co nepot\u0159ebuje.A aspo\u0148 t\u00edm trochu prosp\u011bjeme sv\u011btu. Energie nejsou nevy\u010derpateln\u00e9, a kdy\u017e na n\u011b nebudeme m\u00edt, nebudeme aspo\u0148 od Nov\u00e9ho roku tolik pl\u00fdtvat.A tak si to jdu je\u0161t\u011b rychle u\u017e\u00edt. Ne\u017e skon\u010d\u00ed tenhle rok, je\u0161t\u011b si uva\u0159\u00edm hrnek \u010daje a oh\u0159eju n\u011bco k\u00a0j\u00eddlu. Kdo v\u00ed, co bude u\u017e za p\u00e1r dn\u00ed. Pak t\u0159eba budu \u0159e\u0161it, jestli m\u00e1m j\u00edst studen\u00e9 nebo oh\u0159\u00edvat pr\u00e1zdn\u00fd hrnec. Jestli mi kv\u016fli r\u016fstu cen na oboj\u00ed sou\u010dasn\u011b nezbude.                                                                                                                                                                                                                                                                                                                                                                                        4\/5 - (7 votes)        "},{"@context":"https:\/\/schema.org\/","@type":"BreadcrumbList","itemListElement":[{"@type":"ListItem","position":1,"name":"Budeme m\u00edt na elekt\u0159inu?","item":"https:\/\/www.skoop.cz\/budeme-mit-na-elektrinu\/#breadcrumbitem"}]}]